{"id":10684,"date":"2023-10-12T10:24:49","date_gmt":"2023-10-12T10:24:49","guid":{"rendered":"https:\/\/campingresort-bayerwald.de\/?p=10684"},"modified":"2024-10-29T11:48:23","modified_gmt":"2024-10-29T11:48:23","slug":"vom-wald-das-beste-wir-sind-im-tv","status":"publish","type":"post","link":"https:\/\/campingresort-bayerwald.de\/en\/vom-wald-das-beste-wir-sind-im-tv","title":{"rendered":"The best of the forest - We are on TV!"},"content":{"rendered":"<div data-elementor-type=\"wp-post\" data-elementor-id=\"10684\" class=\"elementor elementor-10684\" data-elementor-post-type=\"post\">\n\t\t\t\t\t\t<section class=\"elementor-section elementor-top-section elementor-element elementor-element-64afa1b elementor-section-boxed elementor-section-height-default elementor-section-height-default qodef-elementor-content-no\" data-id=\"64afa1b\" data-element_type=\"section\" data-e-type=\"section\">\n\t\t\t\t\t\t<div class=\"elementor-container elementor-column-gap-default\">\n\t\t\t\t\t<div class=\"elementor-column elementor-col-100 elementor-top-column elementor-element elementor-element-057a194\" data-id=\"057a194\" data-element_type=\"column\" data-e-type=\"column\">\n\t\t\t<div class=\"elementor-widget-wrap\">\n\t\t\t\t\t\t\t<\/div>\n\t\t<\/div>\n\t\t\t\t\t<\/div>\n\t\t<\/section>\n\t\t\t\t<section class=\"elementor-section elementor-top-section elementor-element elementor-element-e2ad2ba elementor-section-boxed elementor-section-height-default elementor-section-height-default qodef-elementor-content-no\" data-id=\"e2ad2ba\" data-element_type=\"section\" data-e-type=\"section\">\n\t\t\t\t\t\t<div class=\"elementor-container elementor-column-gap-default\">\n\t\t\t\t\t<div class=\"elementor-column elementor-col-100 elementor-top-column elementor-element elementor-element-2703083\" data-id=\"2703083\" data-element_type=\"column\" data-e-type=\"column\">\n\t\t\t<div class=\"elementor-widget-wrap elementor-element-populated\">\n\t\t\t\t\t\t<div class=\"elementor-element elementor-element-25f92a8 elementor-widget elementor-widget-text-editor\" data-id=\"25f92a8\" data-element_type=\"widget\" data-e-type=\"widget\" data-widget_type=\"text-editor.default\">\n\t\t\t\t<div class=\"elementor-widget-container\">\n\t\t\t\t\t\t\t\t\t<p><span style=\"background-color: #f5faf0; font-size: 18.6667px; color: var( --e-global-color-text ); font-family: var( --e-global-typography-text-font-family ), Sans-serif; font-weight: var( --e-global-typography-text-font-weight );\">We would like to thank the tourism association and the area and advertising communities\/cities of our district and the television team from Niederbayern TV for this nice initiative!<\/span><\/p><p><span style=\"font-size: 14pt;\">\"Do muasst hi\" (en: you really have to go there!) is the title of the advertising series in which beautiful places, hiking trails in the region are presented by the cooperative in videos and reports.<\/span><\/p><p><span style=\"font-size: 14pt;\">Of course, as Camping Resort Bayerwald, we couldn't miss out. Our managing director and investor Rainer Bauer answered the questions of the TV crew and gave them an insight into our project.\u00a0<\/span><\/p><p><span style=\"font-size: 14pt;\">The conclusion of the video (quote): For the region, the new offers [i.e. also us!] are of invaluable added value and directly fit the slogan \"FROM THE FOREST THE BEST\".<\/span><\/p><p><span style=\"font-size: 14pt;\">We are the ideal place for your short break to take a deep breath and recharge your batteries. Everyone is welcome here, whether camper, caravan or tent. <\/span><\/p><p><span style=\"font-size: 14pt;\">You can also find the whole clip on the YouTube-channel of the National Park Bavanrian Forest. <a href=\"https:\/\/www.youtube.com\/watch?v=JJev1vUiz7U&amp;list=PLrMPdX6Kln0PLVy4vxm6OYpEDUH7PVbd9&amp;index=4\">YouTube-Kanal<\/a> des Nationalparks Bayerischer Wald.<\/span><\/p>\t\t\t\t\t\t\t\t<\/div>\n\t\t\t\t<\/div>\n\t\t\t\t\t<\/div>\n\t\t<\/div>\n\t\t\t\t\t<\/div>\n\t\t<\/section>\n\t\t\t\t<section class=\"elementor-section elementor-top-section elementor-element elementor-element-fa84477 elementor-section-boxed elementor-section-height-default elementor-section-height-default qodef-elementor-content-no\" data-id=\"fa84477\" data-element_type=\"section\" data-e-type=\"section\">\n\t\t\t\t\t\t<div class=\"elementor-container elementor-column-gap-default\">\n\t\t\t\t\t<div class=\"elementor-column elementor-col-100 elementor-top-column elementor-element elementor-element-9e5a371\" data-id=\"9e5a371\" data-element_type=\"column\" data-e-type=\"column\">\n\t\t\t<div class=\"elementor-widget-wrap\">\n\t\t\t\t\t\t\t<\/div>\n\t\t<\/div>\n\t\t\t\t\t<\/div>\n\t\t<\/section>\n\t\t\t\t<section class=\"elementor-section elementor-top-section elementor-element elementor-element-d2f82b7 elementor-section-boxed elementor-section-height-default elementor-section-height-default qodef-elementor-content-no\" data-id=\"d2f82b7\" data-element_type=\"section\" data-e-type=\"section\">\n\t\t\t\t\t\t<div class=\"elementor-container elementor-column-gap-default\">\n\t\t\t\t\t<div class=\"elementor-column elementor-col-100 elementor-top-column elementor-element elementor-element-c5a00f3\" data-id=\"c5a00f3\" data-element_type=\"column\" data-e-type=\"column\">\n\t\t\t<div class=\"elementor-widget-wrap elementor-element-populated\">\n\t\t\t\t\t\t<div class=\"elementor-element elementor-element-788aa5a elementor-widget elementor-widget-video\" data-id=\"788aa5a\" data-element_type=\"widget\" data-e-type=\"widget\" data-settings=\"{&quot;video_type&quot;:&quot;hosted&quot;,&quot;controls&quot;:&quot;yes&quot;}\" data-widget_type=\"video.default\">\n\t\t\t\t<div class=\"elementor-widget-container\">\n\t\t\t\t\t\t\t<div class=\"e-hosted-video elementor-wrapper elementor-open-inline\">\n\t\t\t\t\t<video class=\"elementor-video\" src=\"https:\/\/campingresort-bayerwald.de\/wp-content\/uploads\/Do_muasst_hi.mp4\" controls=\"\" preload=\"metadata\" controlslist=\"nodownload\"><\/video>\n\t\t\t\t<\/div>\n\t\t\t\t\t\t<\/div>\n\t\t\t\t<\/div>\n\t\t\t\t\t<\/div>\n\t\t<\/div>\n\t\t\t\t\t<\/div>\n\t\t<\/section>\n\t\t\t\t<section class=\"elementor-section elementor-top-section elementor-element elementor-element-74e5988 elementor-section-boxed elementor-section-height-default elementor-section-height-default qodef-elementor-content-no\" data-id=\"74e5988\" data-element_type=\"section\" data-e-type=\"section\">\n\t\t\t\t\t\t<div class=\"elementor-container elementor-column-gap-default\">\n\t\t\t\t\t<div class=\"elementor-column elementor-col-50 elementor-top-column elementor-element elementor-element-4ad93c2\" data-id=\"4ad93c2\" data-element_type=\"column\" data-e-type=\"column\">\n\t\t\t<div class=\"elementor-widget-wrap elementor-element-populated\">\n\t\t\t\t\t\t\t<\/div>\n\t\t<\/div>\n\t\t\t\t<div class=\"elementor-column elementor-col-50 elementor-top-column elementor-element elementor-element-6ac2864\" data-id=\"6ac2864\" data-element_type=\"column\" data-e-type=\"column\">\n\t\t\t<div class=\"elementor-widget-wrap\">\n\t\t\t\t\t\t\t<\/div>\n\t\t<\/div>\n\t\t\t\t\t<\/div>\n\t\t<\/section>\n\t\t\t\t<section class=\"elementor-section elementor-top-section elementor-element elementor-element-29e3099 elementor-section-boxed elementor-section-height-default elementor-section-height-default qodef-elementor-content-no\" data-id=\"29e3099\" data-element_type=\"section\" data-e-type=\"section\">\n\t\t\t\t\t\t<div class=\"elementor-container elementor-column-gap-default\">\n\t\t\t\t\t<div class=\"elementor-column elementor-col-100 elementor-top-column elementor-element elementor-element-6749b9e\" data-id=\"6749b9e\" data-element_type=\"column\" data-e-type=\"column\">\n\t\t\t<div class=\"elementor-widget-wrap elementor-element-populated\">\n\t\t\t\t\t\t\t<\/div>\n\t\t<\/div>\n\t\t\t\t\t<\/div>\n\t\t<\/section>\n\t\t\t\t<section class=\"elementor-section elementor-top-section elementor-element elementor-element-8875c70 elementor-section-boxed elementor-section-height-default elementor-section-height-default qodef-elementor-content-no\" data-id=\"8875c70\" data-element_type=\"section\" data-e-type=\"section\">\n\t\t\t\t\t\t<div class=\"elementor-container elementor-column-gap-default\">\n\t\t\t\t\t<div class=\"elementor-column elementor-col-100 elementor-top-column elementor-element elementor-element-3929d35\" data-id=\"3929d35\" data-element_type=\"column\" data-e-type=\"column\">\n\t\t\t<div class=\"elementor-widget-wrap\">\n\t\t\t\t\t\t\t<\/div>\n\t\t<\/div>\n\t\t\t\t\t<\/div>\n\t\t<\/section>\n\t\t\t\t<\/div>","protected":false},"excerpt":{"rendered":"<p>Wir bedanken uns beim Tourismusverband und den Gebiets- und Werbegemeinschaften\/St\u00e4dten unseres Landkreises und dem Fernsehteam von Niederbayern TV f\u00fcr diese sch\u00f6ne Initiative! \u201eDo muasst hi\u201c ist der Titel der Werbereihe, in der sch\u00f6ne Orte, Wanderwege in der Region von der Kooperative in Videos und Berichten vorgestellt werden. Da durften wir nat\u00fcrlich als Camping Resort Bayerwald [&hellip;]<\/p>","protected":false},"author":4,"featured_media":9081,"comment_status":"open","ping_status":"open","sticky":false,"template":"","format":"standard","meta":{"_mo_disable_npp":"","_jetpack_memberships_contains_paid_content":false,"footnotes":""},"categories":[100],"tags":[],"class_list":["post-10684","post","type-post","status-publish","format-standard","has-post-thumbnail","hentry","category-news"],"yoast_head":"<!-- This site is optimized with the Yoast SEO plugin v26.8 - https:\/\/yoast.com\/product\/yoast-seo-wordpress\/ -->\n<title>Vom Wald das Beste - Wir sind im TV! - Camping Resort Bayerwald<\/title>\n<meta name=\"description\" content=\"\u201eDo muasst hi\u201c ist der Titel der Werbereihe, in der sch\u00f6ne Orte, Wanderwege in der Region in Videos und Berichten vorgestellt werden.\" \/>\n<meta name=\"robots\" content=\"index, follow, max-snippet:-1, max-image-preview:large, max-video-preview:-1\" \/>\n<link rel=\"canonical\" href=\"https:\/\/campingresort-bayerwald.de\/en\/vom-wald-das-beste-wir-sind-im-tv\/\" \/>\n<meta property=\"og:locale\" content=\"en_US\" \/>\n<meta property=\"og:type\" content=\"article\" \/>\n<meta property=\"og:title\" content=\"Vom Wald das Beste - Wir sind im TV! - Camping Resort Bayerwald\" \/>\n<meta property=\"og:description\" content=\"\u201eDo muasst hi\u201c ist der Titel der Werbereihe, in der sch\u00f6ne Orte, Wanderwege in der Region in Videos und Berichten vorgestellt werden.\" \/>\n<meta property=\"og:url\" content=\"https:\/\/campingresort-bayerwald.de\/en\/vom-wald-das-beste-wir-sind-im-tv\/\" \/>\n<meta property=\"og:site_name\" content=\"Camping Resort Bayerwald\" \/>\n<meta property=\"article:publisher\" content=\"https:\/\/www.facebook.com\/CampingBayerwald\" \/>\n<meta property=\"article:published_time\" content=\"2023-10-12T10:24:49+00:00\" \/>\n<meta property=\"article:modified_time\" content=\"2024-10-29T11:48:23+00:00\" \/>\n<meta property=\"og:image\" content=\"https:\/\/campingresort-bayerwald.de\/wp-content\/uploads\/2023\/08\/DO-MUASST-HI-Niederbayern-TV-Camping-Resort-Bayerwald-Waldkirchen-Rechte-Woidlife-Photography-3-scaled.jpg\" \/>\n\t<meta property=\"og:image:width\" content=\"2560\" \/>\n\t<meta property=\"og:image:height\" content=\"1707\" \/>\n\t<meta property=\"og:image:type\" content=\"image\/jpeg\" \/>\n<meta name=\"author\" content=\"Camping Resort Bayerwald\" \/>\n<meta name=\"twitter:card\" content=\"summary_large_image\" \/>\n<meta name=\"twitter:label1\" content=\"Written by\" \/>\n\t<meta name=\"twitter:data1\" content=\"Camping Resort Bayerwald\" \/>\n\t<meta name=\"twitter:label2\" content=\"Est. reading time\" \/>\n\t<meta name=\"twitter:data2\" content=\"2 minutes\" \/>\n<script type=\"application\/ld+json\" class=\"yoast-schema-graph\">{\"@context\":\"https:\/\/schema.org\",\"@graph\":[{\"@type\":\"Article\",\"@id\":\"https:\/\/campingresort-bayerwald.de\/vom-wald-das-beste-wir-sind-im-tv#article\",\"isPartOf\":{\"@id\":\"https:\/\/campingresort-bayerwald.de\/vom-wald-das-beste-wir-sind-im-tv\"},\"author\":{\"name\":\"Camping Resort Bayerwald\",\"@id\":\"https:\/\/campingresort-bayerwald.de\/#\/schema\/person\/eb2876a137258160056378b92cf5af3a\"},\"headline\":\"Vom Wald das Beste &#8211; Wir sind im TV!\",\"datePublished\":\"2023-10-12T10:24:49+00:00\",\"dateModified\":\"2024-10-29T11:48:23+00:00\",\"mainEntityOfPage\":{\"@id\":\"https:\/\/campingresort-bayerwald.de\/vom-wald-das-beste-wir-sind-im-tv\"},\"wordCount\":175,\"commentCount\":0,\"publisher\":{\"@id\":\"https:\/\/campingresort-bayerwald.de\/#organization\"},\"image\":{\"@id\":\"https:\/\/campingresort-bayerwald.de\/vom-wald-das-beste-wir-sind-im-tv#primaryimage\"},\"thumbnailUrl\":\"https:\/\/campingresort-bayerwald.de\/wp-content\/uploads\/2023\/08\/DO-MUASST-HI-Niederbayern-TV-Camping-Resort-Bayerwald-Waldkirchen-Rechte-Woidlife-Photography-3-scaled.jpg\",\"articleSection\":[\"News\"],\"inLanguage\":\"en-US\",\"potentialAction\":[{\"@type\":\"CommentAction\",\"name\":\"Comment\",\"target\":[\"https:\/\/campingresort-bayerwald.de\/vom-wald-das-beste-wir-sind-im-tv#respond\"]}]},{\"@type\":\"WebPage\",\"@id\":\"https:\/\/campingresort-bayerwald.de\/vom-wald-das-beste-wir-sind-im-tv\",\"url\":\"https:\/\/campingresort-bayerwald.de\/vom-wald-das-beste-wir-sind-im-tv\",\"name\":\"Vom Wald das Beste - Wir sind im TV! - Camping Resort Bayerwald\",\"isPartOf\":{\"@id\":\"https:\/\/campingresort-bayerwald.de\/#website\"},\"primaryImageOfPage\":{\"@id\":\"https:\/\/campingresort-bayerwald.de\/vom-wald-das-beste-wir-sind-im-tv#primaryimage\"},\"image\":{\"@id\":\"https:\/\/campingresort-bayerwald.de\/vom-wald-das-beste-wir-sind-im-tv#primaryimage\"},\"thumbnailUrl\":\"https:\/\/campingresort-bayerwald.de\/wp-content\/uploads\/2023\/08\/DO-MUASST-HI-Niederbayern-TV-Camping-Resort-Bayerwald-Waldkirchen-Rechte-Woidlife-Photography-3-scaled.jpg\",\"datePublished\":\"2023-10-12T10:24:49+00:00\",\"dateModified\":\"2024-10-29T11:48:23+00:00\",\"description\":\"\u201eDo muasst hi\u201c ist der Titel der Werbereihe, in der sch\u00f6ne Orte, Wanderwege in der Region in Videos und Berichten vorgestellt werden.\",\"breadcrumb\":{\"@id\":\"https:\/\/campingresort-bayerwald.de\/vom-wald-das-beste-wir-sind-im-tv#breadcrumb\"},\"inLanguage\":\"en-US\",\"potentialAction\":[{\"@type\":\"ReadAction\",\"target\":[\"https:\/\/campingresort-bayerwald.de\/vom-wald-das-beste-wir-sind-im-tv\"]}]},{\"@type\":\"ImageObject\",\"inLanguage\":\"en-US\",\"@id\":\"https:\/\/campingresort-bayerwald.de\/vom-wald-das-beste-wir-sind-im-tv#primaryimage\",\"url\":\"https:\/\/campingresort-bayerwald.de\/wp-content\/uploads\/2023\/08\/DO-MUASST-HI-Niederbayern-TV-Camping-Resort-Bayerwald-Waldkirchen-Rechte-Woidlife-Photography-3-scaled.jpg\",\"contentUrl\":\"https:\/\/campingresort-bayerwald.de\/wp-content\/uploads\/2023\/08\/DO-MUASST-HI-Niederbayern-TV-Camping-Resort-Bayerwald-Waldkirchen-Rechte-Woidlife-Photography-3-scaled.jpg\",\"width\":2560,\"height\":1707},{\"@type\":\"BreadcrumbList\",\"@id\":\"https:\/\/campingresort-bayerwald.de\/vom-wald-das-beste-wir-sind-im-tv#breadcrumb\",\"itemListElement\":[{\"@type\":\"ListItem\",\"position\":1,\"name\":\"Startseite\",\"item\":\"https:\/\/campingresort-bayerwald.de\/\"},{\"@type\":\"ListItem\",\"position\":2,\"name\":\"Vom Wald das Beste &#8211; Wir sind im TV!\"}]},{\"@type\":\"WebSite\",\"@id\":\"https:\/\/campingresort-bayerwald.de\/#website\",\"url\":\"https:\/\/campingresort-bayerwald.de\/\",\"name\":\"Camping Resort Bayerwald\",\"description\":\"Campingplatz in Bayern im Bayerwald in Bayern Waldkirchen (Dorn)\",\"publisher\":{\"@id\":\"https:\/\/campingresort-bayerwald.de\/#organization\"},\"potentialAction\":[{\"@type\":\"SearchAction\",\"target\":{\"@type\":\"EntryPoint\",\"urlTemplate\":\"https:\/\/campingresort-bayerwald.de\/?s={search_term_string}\"},\"query-input\":{\"@type\":\"PropertyValueSpecification\",\"valueRequired\":true,\"valueName\":\"search_term_string\"}}],\"inLanguage\":\"en-US\"},{\"@type\":\"Organization\",\"@id\":\"https:\/\/campingresort-bayerwald.de\/#organization\",\"name\":\"Camping Resort Bayerwald\",\"url\":\"https:\/\/campingresort-bayerwald.de\/\",\"logo\":{\"@type\":\"ImageObject\",\"inLanguage\":\"en-US\",\"@id\":\"https:\/\/campingresort-bayerwald.de\/#\/schema\/logo\/image\/\",\"url\":\"https:\/\/campingresort-bayerwald.de\/wp-content\/uploads\/CRB.png\",\"contentUrl\":\"https:\/\/campingresort-bayerwald.de\/wp-content\/uploads\/CRB.png\",\"width\":658,\"height\":232,\"caption\":\"Camping Resort Bayerwald\"},\"image\":{\"@id\":\"https:\/\/campingresort-bayerwald.de\/#\/schema\/logo\/image\/\"},\"sameAs\":[\"https:\/\/www.facebook.com\/CampingBayerwald\",\"https:\/\/www.instagram.com\/camping_resort_bayerwald\/\"]},{\"@type\":\"Person\",\"@id\":\"https:\/\/campingresort-bayerwald.de\/#\/schema\/person\/eb2876a137258160056378b92cf5af3a\",\"name\":\"Camping Resort Bayerwald\",\"image\":{\"@type\":\"ImageObject\",\"inLanguage\":\"en-US\",\"@id\":\"https:\/\/campingresort-bayerwald.de\/#\/schema\/person\/image\/\",\"url\":\"https:\/\/secure.gravatar.com\/avatar\/1cfaffc00799430710c5a2da384bb00c6ad11b7383705902afe2bda5bfb67f86?s=96&d=mm&r=g\",\"contentUrl\":\"https:\/\/secure.gravatar.com\/avatar\/1cfaffc00799430710c5a2da384bb00c6ad11b7383705902afe2bda5bfb67f86?s=96&d=mm&r=g\",\"caption\":\"Camping Resort Bayerwald\"},\"sameAs\":[\"https:\/\/campingresort-bayerwald.de\/\"],\"url\":\"https:\/\/campingresort-bayerwald.de\/en\/author\/hoefl\"}]}<\/script>\n<!-- \/ Yoast SEO plugin. -->","yoast_head_json":{"title":"Vom Wald das Beste - Wir sind im TV! - Camping Resort Bayerwald","description":"\u201eDo muasst hi\u201c ist der Titel der Werbereihe, in der sch\u00f6ne Orte, Wanderwege in der Region in Videos und Berichten vorgestellt werden.","robots":{"index":"index","follow":"follow","max-snippet":"max-snippet:-1","max-image-preview":"max-image-preview:large","max-video-preview":"max-video-preview:-1"},"canonical":"https:\/\/campingresort-bayerwald.de\/en\/vom-wald-das-beste-wir-sind-im-tv\/","og_locale":"en_US","og_type":"article","og_title":"Vom Wald das Beste - Wir sind im TV! - Camping Resort Bayerwald","og_description":"\u201eDo muasst hi\u201c ist der Titel der Werbereihe, in der sch\u00f6ne Orte, Wanderwege in der Region in Videos und Berichten vorgestellt werden.","og_url":"https:\/\/campingresort-bayerwald.de\/en\/vom-wald-das-beste-wir-sind-im-tv\/","og_site_name":"Camping Resort Bayerwald","article_publisher":"https:\/\/www.facebook.com\/CampingBayerwald","article_published_time":"2023-10-12T10:24:49+00:00","article_modified_time":"2024-10-29T11:48:23+00:00","og_image":[{"width":2560,"height":1707,"url":"https:\/\/campingresort-bayerwald.de\/wp-content\/uploads\/2023\/08\/DO-MUASST-HI-Niederbayern-TV-Camping-Resort-Bayerwald-Waldkirchen-Rechte-Woidlife-Photography-3-scaled.jpg","type":"image\/jpeg"}],"author":"Camping Resort Bayerwald","twitter_card":"summary_large_image","twitter_misc":{"Written by":"Camping Resort Bayerwald","Est. reading time":"2 minutes"},"schema":{"@context":"https:\/\/schema.org","@graph":[{"@type":"Article","@id":"https:\/\/campingresort-bayerwald.de\/vom-wald-das-beste-wir-sind-im-tv#article","isPartOf":{"@id":"https:\/\/campingresort-bayerwald.de\/vom-wald-das-beste-wir-sind-im-tv"},"author":{"name":"Camping Resort Bayerwald","@id":"https:\/\/campingresort-bayerwald.de\/#\/schema\/person\/eb2876a137258160056378b92cf5af3a"},"headline":"Vom Wald das Beste &#8211; Wir sind im TV!","datePublished":"2023-10-12T10:24:49+00:00","dateModified":"2024-10-29T11:48:23+00:00","mainEntityOfPage":{"@id":"https:\/\/campingresort-bayerwald.de\/vom-wald-das-beste-wir-sind-im-tv"},"wordCount":175,"commentCount":0,"publisher":{"@id":"https:\/\/campingresort-bayerwald.de\/#organization"},"image":{"@id":"https:\/\/campingresort-bayerwald.de\/vom-wald-das-beste-wir-sind-im-tv#primaryimage"},"thumbnailUrl":"https:\/\/campingresort-bayerwald.de\/wp-content\/uploads\/2023\/08\/DO-MUASST-HI-Niederbayern-TV-Camping-Resort-Bayerwald-Waldkirchen-Rechte-Woidlife-Photography-3-scaled.jpg","articleSection":["News"],"inLanguage":"en-US","potentialAction":[{"@type":"CommentAction","name":"Comment","target":["https:\/\/campingresort-bayerwald.de\/vom-wald-das-beste-wir-sind-im-tv#respond"]}]},{"@type":"WebPage","@id":"https:\/\/campingresort-bayerwald.de\/vom-wald-das-beste-wir-sind-im-tv","url":"https:\/\/campingresort-bayerwald.de\/vom-wald-das-beste-wir-sind-im-tv","name":"Vom Wald das Beste - Wir sind im TV! - Camping Resort Bayerwald","isPartOf":{"@id":"https:\/\/campingresort-bayerwald.de\/#website"},"primaryImageOfPage":{"@id":"https:\/\/campingresort-bayerwald.de\/vom-wald-das-beste-wir-sind-im-tv#primaryimage"},"image":{"@id":"https:\/\/campingresort-bayerwald.de\/vom-wald-das-beste-wir-sind-im-tv#primaryimage"},"thumbnailUrl":"https:\/\/campingresort-bayerwald.de\/wp-content\/uploads\/2023\/08\/DO-MUASST-HI-Niederbayern-TV-Camping-Resort-Bayerwald-Waldkirchen-Rechte-Woidlife-Photography-3-scaled.jpg","datePublished":"2023-10-12T10:24:49+00:00","dateModified":"2024-10-29T11:48:23+00:00","description":"\u201eDo muasst hi\u201c ist der Titel der Werbereihe, in der sch\u00f6ne Orte, Wanderwege in der Region in Videos und Berichten vorgestellt werden.","breadcrumb":{"@id":"https:\/\/campingresort-bayerwald.de\/vom-wald-das-beste-wir-sind-im-tv#breadcrumb"},"inLanguage":"en-US","potentialAction":[{"@type":"ReadAction","target":["https:\/\/campingresort-bayerwald.de\/vom-wald-das-beste-wir-sind-im-tv"]}]},{"@type":"ImageObject","inLanguage":"en-US","@id":"https:\/\/campingresort-bayerwald.de\/vom-wald-das-beste-wir-sind-im-tv#primaryimage","url":"https:\/\/campingresort-bayerwald.de\/wp-content\/uploads\/2023\/08\/DO-MUASST-HI-Niederbayern-TV-Camping-Resort-Bayerwald-Waldkirchen-Rechte-Woidlife-Photography-3-scaled.jpg","contentUrl":"https:\/\/campingresort-bayerwald.de\/wp-content\/uploads\/2023\/08\/DO-MUASST-HI-Niederbayern-TV-Camping-Resort-Bayerwald-Waldkirchen-Rechte-Woidlife-Photography-3-scaled.jpg","width":2560,"height":1707},{"@type":"BreadcrumbList","@id":"https:\/\/campingresort-bayerwald.de\/vom-wald-das-beste-wir-sind-im-tv#breadcrumb","itemListElement":[{"@type":"ListItem","position":1,"name":"Startseite","item":"https:\/\/campingresort-bayerwald.de\/"},{"@type":"ListItem","position":2,"name":"Vom Wald das Beste &#8211; Wir sind im TV!"}]},{"@type":"WebSite","@id":"https:\/\/campingresort-bayerwald.de\/#website","url":"https:\/\/campingresort-bayerwald.de\/","name":"Camping Resort Bayerwald","description":"Campingplatz in Bayern im Bayerwald in Bayern Waldkirchen (Dorn)","publisher":{"@id":"https:\/\/campingresort-bayerwald.de\/#organization"},"potentialAction":[{"@type":"SearchAction","target":{"@type":"EntryPoint","urlTemplate":"https:\/\/campingresort-bayerwald.de\/?s={search_term_string}"},"query-input":{"@type":"PropertyValueSpecification","valueRequired":true,"valueName":"search_term_string"}}],"inLanguage":"en-US"},{"@type":"Organization","@id":"https:\/\/campingresort-bayerwald.de\/#organization","name":"Camping Resort Bayerwald","url":"https:\/\/campingresort-bayerwald.de\/","logo":{"@type":"ImageObject","inLanguage":"en-US","@id":"https:\/\/campingresort-bayerwald.de\/#\/schema\/logo\/image\/","url":"https:\/\/campingresort-bayerwald.de\/wp-content\/uploads\/CRB.png","contentUrl":"https:\/\/campingresort-bayerwald.de\/wp-content\/uploads\/CRB.png","width":658,"height":232,"caption":"Camping Resort Bayerwald"},"image":{"@id":"https:\/\/campingresort-bayerwald.de\/#\/schema\/logo\/image\/"},"sameAs":["https:\/\/www.facebook.com\/CampingBayerwald","https:\/\/www.instagram.com\/camping_resort_bayerwald\/"]},{"@type":"Person","@id":"https:\/\/campingresort-bayerwald.de\/#\/schema\/person\/eb2876a137258160056378b92cf5af3a","name":"Camping Resort Bayerwald","image":{"@type":"ImageObject","inLanguage":"en-US","@id":"https:\/\/campingresort-bayerwald.de\/#\/schema\/person\/image\/","url":"https:\/\/secure.gravatar.com\/avatar\/1cfaffc00799430710c5a2da384bb00c6ad11b7383705902afe2bda5bfb67f86?s=96&d=mm&r=g","contentUrl":"https:\/\/secure.gravatar.com\/avatar\/1cfaffc00799430710c5a2da384bb00c6ad11b7383705902afe2bda5bfb67f86?s=96&d=mm&r=g","caption":"Camping Resort Bayerwald"},"sameAs":["https:\/\/campingresort-bayerwald.de\/"],"url":"https:\/\/campingresort-bayerwald.de\/en\/author\/hoefl"}]}},"jetpack_featured_media_url":"https:\/\/campingresort-bayerwald.de\/wp-content\/uploads\/2023\/08\/DO-MUASST-HI-Niederbayern-TV-Camping-Resort-Bayerwald-Waldkirchen-Rechte-Woidlife-Photography-3-scaled.jpg","jetpack_sharing_enabled":true,"_links":{"self":[{"href":"https:\/\/campingresort-bayerwald.de\/en\/wp-json\/wp\/v2\/posts\/10684","targetHints":{"allow":["GET"]}}],"collection":[{"href":"https:\/\/campingresort-bayerwald.de\/en\/wp-json\/wp\/v2\/posts"}],"about":[{"href":"https:\/\/campingresort-bayerwald.de\/en\/wp-json\/wp\/v2\/types\/post"}],"author":[{"embeddable":true,"href":"https:\/\/campingresort-bayerwald.de\/en\/wp-json\/wp\/v2\/users\/4"}],"replies":[{"embeddable":true,"href":"https:\/\/campingresort-bayerwald.de\/en\/wp-json\/wp\/v2\/comments?post=10684"}],"version-history":[{"count":23,"href":"https:\/\/campingresort-bayerwald.de\/en\/wp-json\/wp\/v2\/posts\/10684\/revisions"}],"predecessor-version":[{"id":10835,"href":"https:\/\/campingresort-bayerwald.de\/en\/wp-json\/wp\/v2\/posts\/10684\/revisions\/10835"}],"wp:featuredmedia":[{"embeddable":true,"href":"https:\/\/campingresort-bayerwald.de\/en\/wp-json\/wp\/v2\/media\/9081"}],"wp:attachment":[{"href":"https:\/\/campingresort-bayerwald.de\/en\/wp-json\/wp\/v2\/media?parent=10684"}],"wp:term":[{"taxonomy":"category","embeddable":true,"href":"https:\/\/campingresort-bayerwald.de\/en\/wp-json\/wp\/v2\/categories?post=10684"},{"taxonomy":"post_tag","embeddable":true,"href":"https:\/\/campingresort-bayerwald.de\/en\/wp-json\/wp\/v2\/tags?post=10684"}],"curies":[{"name":"wp","href":"https:\/\/api.w.org\/{rel}","templated":true}]}}